{"id":4046,"date":"2020-11-09T20:09:49","date_gmt":"2020-11-09T20:09:49","guid":{"rendered":"https:\/\/www.seiu105.org\/?p=4046"},"modified":"2020-11-10T18:35:56","modified_gmt":"2020-11-10T18:35:56","slug":"congratulations-to-our-seiu-endorsed-candidates","status":"publish","type":"post","link":"https:\/\/www.seiu105.org\/es\/community\/congratulations-to-our-seiu-endorsed-candidates\/","title":{"rendered":"\u00a1Felicidades a nuestros candidatos respaldados por SEIU!"},"content":{"rendered":"<p><strong>\u00a1Los votantes han hablado!<\/strong> La base de la democracia estadounidense es que <strong>elegimos a nuestros l\u00edderes,<\/strong> nuestros l\u00edderes no eligen a sus votantes. <strong>A pesar de la pandemia y las barreras deliberadas,<\/strong> los votantes han hecho nuestro trabajo y participaron en cifras r\u00e9cord.<\/p>\n\n\n\n<p>La inmensa mayor\u00eda de nuestro pa\u00eds ha elegido a Joe Biden y Kamala Harris como presidente y vicepresidente electo. En<strong> Colorado, nuestros janitors, trabajadores de la salud, el aeropuerto y la seguridad se presentaron para votar en n\u00fameros hist\u00f3ricos por los defensores de las familias trabajadoras<\/strong> y las medidas estatales de arriba y abajo en la boleta.&nbsp;<\/p>\n\n\n\n<p><strong>\u00a1T\u00f3mese un momento para celebrar leyendo nuestra lista completa de candidatos respaldados por SEIU Local 105 y las medidas de votaci\u00f3n que GANARON a continuaci\u00f3n!<\/strong><\/p>\n\n\n\n<p>As\u00ed es como ganamos juntos. Estamos orgullosos de haber trabajado con organizaciones asociadas en todo Colorado para lograr esta hist\u00f3rica votaci\u00f3n. En la union, llamamos a 2.4 millones y enviamos mensajes de texto a 3.4 millones de votantes de Colorado. M\u00e1s de 300 de nuestros miembros se ofrecieron como voluntarios para garantizar que alcanz\u00e1ramos m\u00e1s de medio mill\u00f3n en nuestro estado.<\/p>\n\n\n\n<figure class=\"wp-block-image size-large\"><img fetchpriority=\"high\" decoding=\"async\" width=\"1024\" height=\"1024\" src=\"https:\/\/www.seiu105.org\/wp-content\/uploads\/2020\/11\/seiu-elections-graphic-1024x1024.jpg\" alt=\"\" class=\"wp-image-4047\" srcset=\"https:\/\/www.seiu105.org\/wp-content\/uploads\/2020\/11\/seiu-elections-graphic-1024x1024.jpg 1024w, https:\/\/www.seiu105.org\/wp-content\/uploads\/2020\/11\/seiu-elections-graphic-300x300.jpg 300w, https:\/\/www.seiu105.org\/wp-content\/uploads\/2020\/11\/seiu-elections-graphic-150x150.jpg 150w, https:\/\/www.seiu105.org\/wp-content\/uploads\/2020\/11\/seiu-elections-graphic-768x768.jpg 768w, https:\/\/www.seiu105.org\/wp-content\/uploads\/2020\/11\/seiu-elections-graphic-1536x1536.jpg 1536w, https:\/\/www.seiu105.org\/wp-content\/uploads\/2020\/11\/seiu-elections-graphic.jpg 1823w\" sizes=\"(max-width: 1024px) 100vw, 1024px\" \/><\/figure>\n\n\n\n<p><strong>Tambi\u00e9n debemos agradecer especialmente a Billy Sanchez, miembro de la Local 105 de SEIU en Kaiser Permanente,<\/strong> quien envi\u00f3 mensajes de texto a m\u00e1s de 2 millones de votantes en todo el pa\u00eds registrando m\u00e1s de 100 turnos voluntarios, estableciendo un r\u00e9cord en todo el pa\u00eds.<\/p>\n\n\n\n<figure class=\"wp-block-image size-large\"><img decoding=\"async\" width=\"1014\" height=\"492\" src=\"https:\/\/www.seiu105.org\/wp-content\/uploads\/2020\/11\/membervolunteer.jpg\" alt=\"\" class=\"wp-image-4051\" srcset=\"https:\/\/www.seiu105.org\/wp-content\/uploads\/2020\/11\/membervolunteer.jpg 1014w, https:\/\/www.seiu105.org\/wp-content\/uploads\/2020\/11\/membervolunteer-300x146.jpg 300w, https:\/\/www.seiu105.org\/wp-content\/uploads\/2020\/11\/membervolunteer-150x73.jpg 150w, https:\/\/www.seiu105.org\/wp-content\/uploads\/2020\/11\/membervolunteer-768x373.jpg 768w\" sizes=\"(max-width: 1014px) 100vw, 1014px\" \/><\/figure>\n\n\n\n<p><strong>Unidos como residentes de Colorado, abrimos el camino para nuestras familias y comunidades. <\/strong>Ahora es el momento de unirnos entre razas y lugares para asegurarnos de que los l\u00edderes que hemos elegido presten juramento para hacer frente a la pandemia y hacernos avanzar juntos hacia un futuro mejor.&nbsp;<\/p>\n\n\n\n<hr class=\"wp-block-separator\"\/>\n\n\n\n<p style=\"font-size:31px\" class=\"has-text-color has-vivid-purple-color\">\ud83c\udf89 <strong>\u00a1Felicidades a nuestros candidatos respaldados por SEIU!<\/strong><\/p>\n\n\n\n<figure class=\"wp-block-table\"><table><tbody><tr><td>Presidenta<\/td><td>Joe Biden<\/td><\/tr><tr><td>Vicepresidente<\/td><td>Kamala Harris<\/td><\/tr><\/tbody><\/table><\/figure>\n\n\n\n<figure class=\"wp-block-table\"><table><tbody><tr><td>El senado de EEUU<\/td><td>John Hickenlooper<\/td><\/tr><tr><td>El congreso de EEUU Distrito 1<\/td><td>Diana DeGette<\/td><\/tr><tr><td>El congreso de EEUU Distrito 2<\/td><td>Joe Neguse<\/td><\/tr><tr><td>El congreso de EEUU Distrito 6<\/td><td>Jason Crow<\/td><\/tr><tr><td>El congreso de EEUU Distrito 7<\/td><td>Ed Perlmutter<\/td><\/tr><\/tbody><\/table><\/figure>\n\n\n\n<figure class=\"wp-block-table\"><table><tbody><tr><td>La c\u00e1mara de senadores Distrito 14<\/td><td>Joann Ginal<\/td><\/tr><tr><td>La c\u00e1mara de senadores Distrito 17<\/td><td>Sonya Jaquez Lewis<\/td><\/tr><tr><td>La c\u00e1mara de senadores Distrito 18<\/td><td>Stephen Fenberg<\/td><\/tr><tr><td>La c\u00e1mara de senadores Distrito 19<\/td><td>Rachel Zenzinger<\/td><\/tr><tr><td>La c\u00e1mara de senadores Distrito 21<\/td><td>Dominick Moreno<\/td><\/tr><tr><td>La c\u00e1mara de senadores Distrito 26<\/td><td>Jeff Bridges<\/td><\/tr><tr><td>La c\u00e1mara de senadores Distrito 27<\/td><td>Chris Kolker<\/td><\/tr><tr><td>La c\u00e1mara de senadores Distrito 28<\/td><td>Janet Buckner<\/td><\/tr><tr><td>La c\u00e1mara de senadores Distrito 29<\/td><td>Rhonda Fields<\/td><\/tr><tr><td>La c\u00e1mara de senadores Distrito 31<\/td><td>Chris Hansen<\/td><\/tr><tr><td>La c\u00e1mara de senadores Distrito 33<\/td><td>James Coleman<\/td><\/tr><\/tbody><\/table><\/figure>\n\n\n\n<figure class=\"wp-block-table\"><table><tbody><tr><td>La c\u00e1mara de diputados Distrito 1<\/td><td>Susan Lontine<\/td><\/tr><tr><td>La c\u00e1mara de diputados Distrito 2<\/td><td>Alec Garnett<\/td><\/tr><tr><td>La c\u00e1mara de diputados Distrito 3<\/td><td>Meg Froelich<\/td><\/tr><tr><td>La c\u00e1mara de diputados Distrito 4<\/td><td>Serena Gonzales-Gutierrez<\/td><\/tr><tr><td>La c\u00e1mara de diputados Distrito 5<\/td><td>Alex Valdez<\/td><\/tr><tr><td>La c\u00e1mara de diputados Distrito 6<\/td><td>Steven Woodrow<\/td><\/tr><tr><td>La c\u00e1mara de diputados Distrito 8<\/td><td>Leslie Herod<\/td><\/tr><tr><td>La c\u00e1mara de diputados Distrito 9<\/td><td>Emily Sirota<\/td><\/tr><tr><td>La c\u00e1mara de diputados Distrito 10<\/td><td>Edie Hooton<\/td><\/tr><tr><td>La c\u00e1mara de diputados Distrito 11<\/td><td>Karen Ann McCormick<\/td><\/tr><tr><td>La c\u00e1mara de diputados Distrito 12<\/td><td>Tracey Bernett<\/td><\/tr><tr><td>La c\u00e1mara de diputados Distrito 13<\/td><td>Judy Amabile<\/td><\/tr><tr><td>La c\u00e1mara de diputados Distrito 17<\/td><td>Tony Exum, Sr.<\/td><\/tr><tr><td>La c\u00e1mara de diputados Distrito 18<\/td><td>Marc Snyder<\/td><\/tr><tr><td>La c\u00e1mara de diputados Distrito 23<\/td><td>Chris Kennedy<\/td><\/tr><tr><td>La c\u00e1mara de diputados Distrito 24<\/td><td>Monica Duran<\/td><\/tr><tr><td>La c\u00e1mara de diputados Distrito 25<\/td><td>Lisa Cutter<\/td><\/tr><tr><td>La c\u00e1mara de diputados Distrito 26<\/td><td>Dylan Roberts<\/td><\/tr><tr><td>La c\u00e1mara de diputados Distrito 27<\/td><td>Brianna Titone<\/td><\/tr><tr><td>La c\u00e1mara de diputados Distrito 28<\/td><td>Kerry Tipper<\/td><\/tr><tr><td>La c\u00e1mara de diputados Distrito 29<\/td><td>Lindsey Daugherty<\/td><\/tr><tr><td>La c\u00e1mara de diputados Distrito 30<\/td><td>Dafna Michaelson Jenet<\/td><\/tr><tr><td>La c\u00e1mara de diputados Distrito 31<\/td><td>Yadira Caraveo<\/td><\/tr><tr><td>La c\u00e1mara de diputados Distrito 33<\/td><td>Matt Gray<\/td><\/tr><tr><td>La c\u00e1mara de diputados Distrito 34<\/td><td>Kyle Mullica<\/td><\/tr><tr><td>La c\u00e1mara de diputados Distrito 35<\/td><td>Shannon Bird<\/td><\/tr><tr><td>La c\u00e1mara de diputados Distrito 36<\/td><td>Mike Weissman<\/td><\/tr><tr><td>La c\u00e1mara de diputados Distrito 37<\/td><td>Tom Sullivan<\/td><\/tr><tr><td>La c\u00e1mara de diputados Distrito 38<\/td><td>David Ortiz<\/td><\/tr><tr><td>La c\u00e1mara de diputados Distrito 40<\/td><td>Naquetta Ricks<\/td><\/tr><tr><td>La c\u00e1mara de diputados Distrito 41<\/td><td>Iman Jodeh<\/td><\/tr><tr><td>La c\u00e1mara de diputados Distrito 42<\/td><td>Dominique Jackson<\/td><\/tr><tr><td>La c\u00e1mara de diputados Distrito 46<\/td><td>Daneya Esgar<\/td><\/tr><tr><td>La c\u00e1mara de diputados Distrito 50<\/td><td>Mary Young<\/td><\/tr><tr><td>La c\u00e1mara de diputados Distrito 51<\/td><td>Cathy Kipp<\/td><\/tr><tr><td>La c\u00e1mara de diputados Distrito 53<\/td><td>Jeni James Arndt<\/td><\/tr><tr><td>La c\u00e1mara de diputados Distrito 59<\/td><td>Barbara McLachlan<\/td><\/tr><tr><td>La c\u00e1mara de diputados Distrito 61<\/td><td>Julie McCluskie<\/td><\/tr><\/tbody><\/table><\/figure>\n\n\n\n<figure class=\"wp-block-table\"><table><tbody><tr><td>La proposici\u00f3n 118: La iniciativa de ausencia m\u00e9dica y familiar pagada<\/td><td>Pasado<\/td><\/tr><tr><td>Colorado Enmienda B: La derogaci\u00f3n de la enmienda Gallagher y la medida al indice de valoraci\u00f3n predial<\/td><td>Pasado<\/td><\/tr><\/tbody><\/table><\/figure>","protected":false},"excerpt":{"rendered":"<p>The voters have spoken! The basis of American democracy is that we pick our leaders &#8211; our leaders do not pick their voters. Despite the pandemic and deliberate barriers, voters have done our job and turned out in record numbers. The overwhelming majority of our country has chosen Joe Biden and Kamala Harris as President [&hellip;]<\/p>","protected":false},"author":16,"featured_media":4049,"comment_status":"closed","ping_status":"open","sticky":false,"template":"","format":"standard","meta":{"_exactmetrics_skip_tracking":false,"_exactmetrics_sitenote_active":false,"_exactmetrics_sitenote_note":"","_exactmetrics_sitenote_category":0,"footnotes":""},"categories":[37],"tags":[],"class_list":["post-4046","post","type-post","status-publish","format-standard","has-post-thumbnail","hentry","category-community"],"yoast_head":"<!-- This site is optimized with the Yoast SEO plugin v25.2 - https:\/\/yoast.com\/wordpress\/plugins\/seo\/ -->\n<title>\ud83c\udf89 Congratulations to our SEIU endorsed candidates! - SEIU Local 105<\/title>\n<meta name=\"robots\" content=\"index, follow, max-snippet:-1, max-image-preview:large, max-video-preview:-1\" \/>\n<link rel=\"canonical\" href=\"https:\/\/www.seiu105.org\/es\/community\/congratulations-to-our-seiu-endorsed-candidates\/\" \/>\n<meta property=\"og:locale\" content=\"es_MX\" \/>\n<meta property=\"og:type\" content=\"article\" \/>\n<meta property=\"og:title\" content=\"\ud83c\udf89 Congratulations to our SEIU endorsed candidates! - SEIU Local 105\" \/>\n<meta property=\"og:description\" content=\"The voters have spoken! The basis of American democracy is that we pick our leaders &#8211; our leaders do not pick their voters. Despite the pandemic and deliberate barriers, voters have done our job and turned out in record numbers. The overwhelming majority of our country has chosen Joe Biden and Kamala Harris as President [&hellip;]\" \/>\n<meta property=\"og:url\" content=\"https:\/\/www.seiu105.org\/es\/community\/congratulations-to-our-seiu-endorsed-candidates\/\" \/>\n<meta property=\"og:site_name\" content=\"SEIU Local 105\" \/>\n<meta property=\"article:publisher\" content=\"https:\/\/www.facebook.com\/SEIU105\" \/>\n<meta property=\"article:published_time\" content=\"2020-11-09T20:09:49+00:00\" \/>\n<meta property=\"article:modified_time\" content=\"2020-11-10T18:35:56+00:00\" \/>\n<meta property=\"og:image\" content=\"https:\/\/www.seiu105.org\/wp-content\/uploads\/2020\/11\/Screen-Shot-2020-11-09-at-1.07.40-PM.png\" \/>\n\t<meta property=\"og:image:width\" content=\"898\" \/>\n\t<meta property=\"og:image:height\" content=\"464\" \/>\n\t<meta property=\"og:image:type\" content=\"image\/png\" \/>\n<meta name=\"author\" content=\"SEIU Local 105\" \/>\n<meta name=\"twitter:card\" content=\"summary_large_image\" \/>\n<meta name=\"twitter:creator\" content=\"@SEIU105\" \/>\n<meta name=\"twitter:site\" content=\"@SEIU105\" \/>\n<meta name=\"twitter:label1\" content=\"Escrito por\" \/>\n\t<meta name=\"twitter:data1\" content=\"SEIU Local 105\" \/>\n\t<meta name=\"twitter:label2\" content=\"Tiempo de lectura\" \/>\n\t<meta name=\"twitter:data2\" content=\"3 minutos\" \/>\n<script type=\"application\/ld+json\" class=\"yoast-schema-graph\">{\"@context\":\"https:\/\/schema.org\",\"@graph\":[{\"@type\":\"Article\",\"@id\":\"https:\/\/www.seiu105.org\/community\/congratulations-to-our-seiu-endorsed-candidates\/#article\",\"isPartOf\":{\"@id\":\"https:\/\/www.seiu105.org\/community\/congratulations-to-our-seiu-endorsed-candidates\/\"},\"author\":{\"name\":\"SEIU Local 105\",\"@id\":\"https:\/\/live-seiu-local-105.pantheonsite.io\/#\/schema\/person\/da84e51825321e9e98ac9ea81286dfcc\"},\"headline\":\"\ud83c\udf89 Congratulations to our SEIU endorsed candidates!\",\"datePublished\":\"2020-11-09T20:09:49+00:00\",\"dateModified\":\"2020-11-10T18:35:56+00:00\",\"mainEntityOfPage\":{\"@id\":\"https:\/\/www.seiu105.org\/community\/congratulations-to-our-seiu-endorsed-candidates\/\"},\"wordCount\":580,\"publisher\":{\"@id\":\"https:\/\/live-seiu-local-105.pantheonsite.io\/#organization\"},\"image\":{\"@id\":\"https:\/\/www.seiu105.org\/community\/congratulations-to-our-seiu-endorsed-candidates\/#primaryimage\"},\"thumbnailUrl\":\"https:\/\/www.seiu105.org\/wp-content\/uploads\/2020\/11\/Screen-Shot-2020-11-09-at-1.07.40-PM.png\",\"articleSection\":[\"For Our Community\"],\"inLanguage\":\"es\"},{\"@type\":\"WebPage\",\"@id\":\"https:\/\/www.seiu105.org\/community\/congratulations-to-our-seiu-endorsed-candidates\/\",\"url\":\"https:\/\/www.seiu105.org\/community\/congratulations-to-our-seiu-endorsed-candidates\/\",\"name\":\"\ud83c\udf89 Congratulations to our SEIU endorsed candidates! - SEIU Local 105\",\"isPartOf\":{\"@id\":\"https:\/\/live-seiu-local-105.pantheonsite.io\/#website\"},\"primaryImageOfPage\":{\"@id\":\"https:\/\/www.seiu105.org\/community\/congratulations-to-our-seiu-endorsed-candidates\/#primaryimage\"},\"image\":{\"@id\":\"https:\/\/www.seiu105.org\/community\/congratulations-to-our-seiu-endorsed-candidates\/#primaryimage\"},\"thumbnailUrl\":\"https:\/\/www.seiu105.org\/wp-content\/uploads\/2020\/11\/Screen-Shot-2020-11-09-at-1.07.40-PM.png\",\"datePublished\":\"2020-11-09T20:09:49+00:00\",\"dateModified\":\"2020-11-10T18:35:56+00:00\",\"breadcrumb\":{\"@id\":\"https:\/\/www.seiu105.org\/community\/congratulations-to-our-seiu-endorsed-candidates\/#breadcrumb\"},\"inLanguage\":\"es\",\"potentialAction\":[{\"@type\":\"ReadAction\",\"target\":[\"https:\/\/www.seiu105.org\/community\/congratulations-to-our-seiu-endorsed-candidates\/\"]}]},{\"@type\":\"ImageObject\",\"inLanguage\":\"es\",\"@id\":\"https:\/\/www.seiu105.org\/community\/congratulations-to-our-seiu-endorsed-candidates\/#primaryimage\",\"url\":\"https:\/\/www.seiu105.org\/wp-content\/uploads\/2020\/11\/Screen-Shot-2020-11-09-at-1.07.40-PM.png\",\"contentUrl\":\"https:\/\/www.seiu105.org\/wp-content\/uploads\/2020\/11\/Screen-Shot-2020-11-09-at-1.07.40-PM.png\",\"width\":898,\"height\":464},{\"@type\":\"BreadcrumbList\",\"@id\":\"https:\/\/www.seiu105.org\/community\/congratulations-to-our-seiu-endorsed-candidates\/#breadcrumb\",\"itemListElement\":[{\"@type\":\"ListItem\",\"position\":1,\"name\":\"Home\",\"item\":\"https:\/\/live-seiu-local-105.pantheonsite.io\/\"},{\"@type\":\"ListItem\",\"position\":2,\"name\":\"\ud83c\udf89 Congratulations to our SEIU endorsed candidates!\"}]},{\"@type\":\"WebSite\",\"@id\":\"https:\/\/live-seiu-local-105.pantheonsite.io\/#website\",\"url\":\"https:\/\/live-seiu-local-105.pantheonsite.io\/\",\"name\":\"SEIU Local 105\",\"description\":\"\",\"publisher\":{\"@id\":\"https:\/\/live-seiu-local-105.pantheonsite.io\/#organization\"},\"potentialAction\":[{\"@type\":\"SearchAction\",\"target\":{\"@type\":\"EntryPoint\",\"urlTemplate\":\"https:\/\/live-seiu-local-105.pantheonsite.io\/?s={search_term_string}\"},\"query-input\":{\"@type\":\"PropertyValueSpecification\",\"valueRequired\":true,\"valueName\":\"search_term_string\"}}],\"inLanguage\":\"es\"},{\"@type\":\"Organization\",\"@id\":\"https:\/\/live-seiu-local-105.pantheonsite.io\/#organization\",\"name\":\"SEIU Local 105\",\"url\":\"https:\/\/live-seiu-local-105.pantheonsite.io\/\",\"logo\":{\"@type\":\"ImageObject\",\"inLanguage\":\"es\",\"@id\":\"https:\/\/live-seiu-local-105.pantheonsite.io\/#\/schema\/logo\/image\/\",\"url\":\"https:\/\/live-seiu-local-105.pantheonsite.io\/wp-content\/uploads\/2019\/08\/seiu105-logo-box.jpg\",\"contentUrl\":\"https:\/\/live-seiu-local-105.pantheonsite.io\/wp-content\/uploads\/2019\/08\/seiu105-logo-box.jpg\",\"width\":1500,\"height\":1500,\"caption\":\"SEIU Local 105\"},\"image\":{\"@id\":\"https:\/\/live-seiu-local-105.pantheonsite.io\/#\/schema\/logo\/image\/\"},\"sameAs\":[\"https:\/\/www.facebook.com\/SEIU105\",\"https:\/\/x.com\/SEIU105\",\"https:\/\/www.youtube.com\/channel\/UCi4D3lDRABd_KewLDS74_cQ\"]},{\"@type\":\"Person\",\"@id\":\"https:\/\/live-seiu-local-105.pantheonsite.io\/#\/schema\/person\/da84e51825321e9e98ac9ea81286dfcc\",\"name\":\"SEIU Local 105\",\"image\":{\"@type\":\"ImageObject\",\"inLanguage\":\"es\",\"@id\":\"https:\/\/live-seiu-local-105.pantheonsite.io\/#\/schema\/person\/image\/\",\"url\":\"https:\/\/secure.gravatar.com\/avatar\/d455726f96dc44aabaf144f16d842e91adc6bf84b4eae9375a845928be8fb8b0?s=96&d=mm&r=g\",\"contentUrl\":\"https:\/\/secure.gravatar.com\/avatar\/d455726f96dc44aabaf144f16d842e91adc6bf84b4eae9375a845928be8fb8b0?s=96&d=mm&r=g\",\"caption\":\"SEIU Local 105\"},\"url\":\"https:\/\/www.seiu105.org\/es\/author\/seiu-local-105\/\"}]}<\/script>\n<!-- \/ Yoast SEO plugin. -->","yoast_head_json":{"title":"\ud83c\udf89 Congratulations to our SEIU endorsed candidates! - SEIU Local 105","robots":{"index":"index","follow":"follow","max-snippet":"max-snippet:-1","max-image-preview":"max-image-preview:large","max-video-preview":"max-video-preview:-1"},"canonical":"https:\/\/www.seiu105.org\/es\/community\/congratulations-to-our-seiu-endorsed-candidates\/","og_locale":"es_MX","og_type":"article","og_title":"\ud83c\udf89 Congratulations to our SEIU endorsed candidates! - SEIU Local 105","og_description":"The voters have spoken! The basis of American democracy is that we pick our leaders &#8211; our leaders do not pick their voters. Despite the pandemic and deliberate barriers, voters have done our job and turned out in record numbers. The overwhelming majority of our country has chosen Joe Biden and Kamala Harris as President [&hellip;]","og_url":"https:\/\/www.seiu105.org\/es\/community\/congratulations-to-our-seiu-endorsed-candidates\/","og_site_name":"SEIU Local 105","article_publisher":"https:\/\/www.facebook.com\/SEIU105","article_published_time":"2020-11-09T20:09:49+00:00","article_modified_time":"2020-11-10T18:35:56+00:00","og_image":[{"width":898,"height":464,"url":"https:\/\/www.seiu105.org\/wp-content\/uploads\/2020\/11\/Screen-Shot-2020-11-09-at-1.07.40-PM.png","type":"image\/png"}],"author":"SEIU Local 105","twitter_card":"summary_large_image","twitter_creator":"@SEIU105","twitter_site":"@SEIU105","twitter_misc":{"Escrito por":"SEIU Local 105","Tiempo de lectura":"3 minutos"},"schema":{"@context":"https:\/\/schema.org","@graph":[{"@type":"Article","@id":"https:\/\/www.seiu105.org\/community\/congratulations-to-our-seiu-endorsed-candidates\/#article","isPartOf":{"@id":"https:\/\/www.seiu105.org\/community\/congratulations-to-our-seiu-endorsed-candidates\/"},"author":{"name":"SEIU Local 105","@id":"https:\/\/live-seiu-local-105.pantheonsite.io\/#\/schema\/person\/da84e51825321e9e98ac9ea81286dfcc"},"headline":"\ud83c\udf89 Congratulations to our SEIU endorsed candidates!","datePublished":"2020-11-09T20:09:49+00:00","dateModified":"2020-11-10T18:35:56+00:00","mainEntityOfPage":{"@id":"https:\/\/www.seiu105.org\/community\/congratulations-to-our-seiu-endorsed-candidates\/"},"wordCount":580,"publisher":{"@id":"https:\/\/live-seiu-local-105.pantheonsite.io\/#organization"},"image":{"@id":"https:\/\/www.seiu105.org\/community\/congratulations-to-our-seiu-endorsed-candidates\/#primaryimage"},"thumbnailUrl":"https:\/\/www.seiu105.org\/wp-content\/uploads\/2020\/11\/Screen-Shot-2020-11-09-at-1.07.40-PM.png","articleSection":["For Our Community"],"inLanguage":"es"},{"@type":"WebPage","@id":"https:\/\/www.seiu105.org\/community\/congratulations-to-our-seiu-endorsed-candidates\/","url":"https:\/\/www.seiu105.org\/community\/congratulations-to-our-seiu-endorsed-candidates\/","name":"\ud83c\udf89 Congratulations to our SEIU endorsed candidates! - SEIU Local 105","isPartOf":{"@id":"https:\/\/live-seiu-local-105.pantheonsite.io\/#website"},"primaryImageOfPage":{"@id":"https:\/\/www.seiu105.org\/community\/congratulations-to-our-seiu-endorsed-candidates\/#primaryimage"},"image":{"@id":"https:\/\/www.seiu105.org\/community\/congratulations-to-our-seiu-endorsed-candidates\/#primaryimage"},"thumbnailUrl":"https:\/\/www.seiu105.org\/wp-content\/uploads\/2020\/11\/Screen-Shot-2020-11-09-at-1.07.40-PM.png","datePublished":"2020-11-09T20:09:49+00:00","dateModified":"2020-11-10T18:35:56+00:00","breadcrumb":{"@id":"https:\/\/www.seiu105.org\/community\/congratulations-to-our-seiu-endorsed-candidates\/#breadcrumb"},"inLanguage":"es","potentialAction":[{"@type":"ReadAction","target":["https:\/\/www.seiu105.org\/community\/congratulations-to-our-seiu-endorsed-candidates\/"]}]},{"@type":"ImageObject","inLanguage":"es","@id":"https:\/\/www.seiu105.org\/community\/congratulations-to-our-seiu-endorsed-candidates\/#primaryimage","url":"https:\/\/www.seiu105.org\/wp-content\/uploads\/2020\/11\/Screen-Shot-2020-11-09-at-1.07.40-PM.png","contentUrl":"https:\/\/www.seiu105.org\/wp-content\/uploads\/2020\/11\/Screen-Shot-2020-11-09-at-1.07.40-PM.png","width":898,"height":464},{"@type":"BreadcrumbList","@id":"https:\/\/www.seiu105.org\/community\/congratulations-to-our-seiu-endorsed-candidates\/#breadcrumb","itemListElement":[{"@type":"ListItem","position":1,"name":"Home","item":"https:\/\/live-seiu-local-105.pantheonsite.io\/"},{"@type":"ListItem","position":2,"name":"\ud83c\udf89 Congratulations to our SEIU endorsed candidates!"}]},{"@type":"WebSite","@id":"https:\/\/live-seiu-local-105.pantheonsite.io\/#website","url":"https:\/\/live-seiu-local-105.pantheonsite.io\/","name":"SEIU Local 105","description":"","publisher":{"@id":"https:\/\/live-seiu-local-105.pantheonsite.io\/#organization"},"potentialAction":[{"@type":"SearchAction","target":{"@type":"EntryPoint","urlTemplate":"https:\/\/live-seiu-local-105.pantheonsite.io\/?s={search_term_string}"},"query-input":{"@type":"PropertyValueSpecification","valueRequired":true,"valueName":"search_term_string"}}],"inLanguage":"es"},{"@type":"Organization","@id":"https:\/\/live-seiu-local-105.pantheonsite.io\/#organization","name":"SEIU Local 105","url":"https:\/\/live-seiu-local-105.pantheonsite.io\/","logo":{"@type":"ImageObject","inLanguage":"es","@id":"https:\/\/live-seiu-local-105.pantheonsite.io\/#\/schema\/logo\/image\/","url":"https:\/\/live-seiu-local-105.pantheonsite.io\/wp-content\/uploads\/2019\/08\/seiu105-logo-box.jpg","contentUrl":"https:\/\/live-seiu-local-105.pantheonsite.io\/wp-content\/uploads\/2019\/08\/seiu105-logo-box.jpg","width":1500,"height":1500,"caption":"SEIU Local 105"},"image":{"@id":"https:\/\/live-seiu-local-105.pantheonsite.io\/#\/schema\/logo\/image\/"},"sameAs":["https:\/\/www.facebook.com\/SEIU105","https:\/\/x.com\/SEIU105","https:\/\/www.youtube.com\/channel\/UCi4D3lDRABd_KewLDS74_cQ"]},{"@type":"Person","@id":"https:\/\/live-seiu-local-105.pantheonsite.io\/#\/schema\/person\/da84e51825321e9e98ac9ea81286dfcc","name":"SEIU Local 105","image":{"@type":"ImageObject","inLanguage":"es","@id":"https:\/\/live-seiu-local-105.pantheonsite.io\/#\/schema\/person\/image\/","url":"https:\/\/secure.gravatar.com\/avatar\/d455726f96dc44aabaf144f16d842e91adc6bf84b4eae9375a845928be8fb8b0?s=96&d=mm&r=g","contentUrl":"https:\/\/secure.gravatar.com\/avatar\/d455726f96dc44aabaf144f16d842e91adc6bf84b4eae9375a845928be8fb8b0?s=96&d=mm&r=g","caption":"SEIU Local 105"},"url":"https:\/\/www.seiu105.org\/es\/author\/seiu-local-105\/"}]}},"_links":{"self":[{"href":"https:\/\/www.seiu105.org\/es\/wp-json\/wp\/v2\/posts\/4046","targetHints":{"allow":["GET"]}}],"collection":[{"href":"https:\/\/www.seiu105.org\/es\/wp-json\/wp\/v2\/posts"}],"about":[{"href":"https:\/\/www.seiu105.org\/es\/wp-json\/wp\/v2\/types\/post"}],"author":[{"embeddable":true,"href":"https:\/\/www.seiu105.org\/es\/wp-json\/wp\/v2\/users\/16"}],"replies":[{"embeddable":true,"href":"https:\/\/www.seiu105.org\/es\/wp-json\/wp\/v2\/comments?post=4046"}],"version-history":[{"count":7,"href":"https:\/\/www.seiu105.org\/es\/wp-json\/wp\/v2\/posts\/4046\/revisions"}],"predecessor-version":[{"id":4057,"href":"https:\/\/www.seiu105.org\/es\/wp-json\/wp\/v2\/posts\/4046\/revisions\/4057"}],"wp:featuredmedia":[{"embeddable":true,"href":"https:\/\/www.seiu105.org\/es\/wp-json\/wp\/v2\/media\/4049"}],"wp:attachment":[{"href":"https:\/\/www.seiu105.org\/es\/wp-json\/wp\/v2\/media?parent=4046"}],"wp:term":[{"taxonomy":"category","embeddable":true,"href":"https:\/\/www.seiu105.org\/es\/wp-json\/wp\/v2\/categories?post=4046"},{"taxonomy":"post_tag","embeddable":true,"href":"https:\/\/www.seiu105.org\/es\/wp-json\/wp\/v2\/tags?post=4046"}],"curies":[{"name":"wp","href":"https:\/\/api.w.org\/{rel}","templated":true}]}}