{"id":8554,"date":"2024-11-06T22:19:59","date_gmt":"2024-11-06T22:19:59","guid":{"rendered":"https:\/\/www.seiu105.org\/?p=8554"},"modified":"2024-11-06T22:35:18","modified_gmt":"2024-11-06T22:35:18","slug":"election-update","status":"publish","type":"post","link":"https:\/\/www.seiu105.org\/es\/political\/election-update\/","title":{"rendered":"Actualizaci\u00f3n de las Elecciones: \u00a1Colorado se hace presente con fuerza\u2014No nos rendimos!"},"content":{"rendered":"<div data-elementor-type=\"wp-post\" data-elementor-id=\"8554\" class=\"elementor elementor-8554\" data-elementor-post-type=\"post\">\n\t\t\t\t\t\t<section class=\"elementor-section elementor-top-section elementor-element elementor-element-14a7b5c elementor-section-boxed elementor-section-height-default elementor-section-height-default\" data-id=\"14a7b5c\" data-element_type=\"section\">\n\t\t\t\t\t\t<div class=\"elementor-container elementor-column-gap-default\">\n\t\t\t\t\t<div class=\"elementor-column elementor-col-100 elementor-top-column elementor-element elementor-element-03a29ff\" data-id=\"03a29ff\" data-element_type=\"column\">\n\t\t\t<div class=\"elementor-widget-wrap elementor-element-populated\">\n\t\t\t\t\t\t<div class=\"elementor-element elementor-element-e20b5f3 elementor-widget elementor-widget-text-editor\" data-id=\"e20b5f3\" data-element_type=\"widget\" data-widget_type=\"text-editor.default\">\n\t\t\t\t<div class=\"elementor-widget-container\">\n\t\t\t\t\t\t\t\t\t<p>Los trabajadores de Colorado se unieron con fuerza, y juntos logramos que nuestras voces fueran escuchadas y nuestros valores se manifestaran alto y claro en todo el estado. <a href=\"https:\/\/www.facebook.com\/SEIU105\/posts\/pfbid02MVswbPTSsykfNV1kpVrazANYtmfGPA2NXDdxpraNgei52Yfi8knbMx5Xeq9aa3STl\"><strong>Gracias a sus incansables esfuerzos, mantuvimos y ampliamos las mayor\u00edas a favor de los trabajadores tanto en la C\u00e1mara de Representantes como en el Senado de Colorado.<\/strong><\/a> Estas victorias significan que estamos listos para luchar y aprobar leyes que faciliten a los trabajadores de Colorado organizarse y formar sindicatos, porque sabemos que un empleo sindical es el camino hacia la dignidad, el respeto y una oportunidad justa para prosperar.<\/p>\t\t\t\t\t\t\t\t<\/div>\n\t\t\t\t<\/div>\n\t\t\t\t\t<\/div>\n\t\t<\/div>\n\t\t\t\t\t<\/div>\n\t\t<\/section>\n\t\t\t\t<section class=\"elementor-section elementor-top-section elementor-element elementor-element-550cc5f elementor-section-boxed elementor-section-height-default elementor-section-height-default\" data-id=\"550cc5f\" data-element_type=\"section\">\n\t\t\t\t\t\t<div class=\"elementor-container elementor-column-gap-default\">\n\t\t\t\t\t<div class=\"elementor-column elementor-col-100 elementor-top-column elementor-element elementor-element-545e90f\" data-id=\"545e90f\" data-element_type=\"column\">\n\t\t\t<div class=\"elementor-widget-wrap elementor-element-populated\">\n\t\t\t\t\t\t<div class=\"elementor-element elementor-element-9c2a00a elementor-widget elementor-widget-image\" data-id=\"9c2a00a\" data-element_type=\"widget\" data-widget_type=\"image.default\">\n\t\t\t\t<div class=\"elementor-widget-container\">\n\t\t\t\t\t\t\t\t\t\t\t\t\t\t\t\t<a href=\"https:\/\/www.facebook.com\/SEIU105\/posts\/pfbid02MVswbPTSsykfNV1kpVrazANYtmfGPA2NXDdxpraNgei52Yfi8knbMx5Xeq9aa3STl\">\n\t\t\t\t\t\t\t<img fetchpriority=\"high\" decoding=\"async\" width=\"1014\" height=\"1168\" src=\"https:\/\/www.seiu105.org\/wp-content\/uploads\/2024\/11\/Screenshot-2024-11-06-at-3.32.20-PM.png\" class=\"attachment-full size-full wp-image-8565\" alt=\"\" srcset=\"https:\/\/www.seiu105.org\/wp-content\/uploads\/2024\/11\/Screenshot-2024-11-06-at-3.32.20-PM.png 1014w, https:\/\/www.seiu105.org\/wp-content\/uploads\/2024\/11\/Screenshot-2024-11-06-at-3.32.20-PM-260x300.png 260w, https:\/\/www.seiu105.org\/wp-content\/uploads\/2024\/11\/Screenshot-2024-11-06-at-3.32.20-PM-889x1024.png 889w, https:\/\/www.seiu105.org\/wp-content\/uploads\/2024\/11\/Screenshot-2024-11-06-at-3.32.20-PM-130x150.png 130w, https:\/\/www.seiu105.org\/wp-content\/uploads\/2024\/11\/Screenshot-2024-11-06-at-3.32.20-PM-768x885.png 768w, https:\/\/www.seiu105.org\/wp-content\/uploads\/2024\/11\/Screenshot-2024-11-06-at-3.32.20-PM-10x12.png 10w\" sizes=\"(max-width: 1014px) 100vw, 1014px\" \/>\t\t\t\t\t\t\t\t<\/a>\n\t\t\t\t\t\t\t\t\t\t\t\t\t\t\t<\/div>\n\t\t\t\t<\/div>\n\t\t\t\t\t<\/div>\n\t\t<\/div>\n\t\t\t\t\t<\/div>\n\t\t<\/section>\n\t\t\t\t<section class=\"elementor-section elementor-top-section elementor-element elementor-element-e6a928d elementor-section-boxed elementor-section-height-default elementor-section-height-default\" data-id=\"e6a928d\" data-element_type=\"section\">\n\t\t\t\t\t\t<div class=\"elementor-container elementor-column-gap-default\">\n\t\t\t\t\t<div class=\"elementor-column elementor-col-100 elementor-top-column elementor-element elementor-element-f3cfc82\" data-id=\"f3cfc82\" data-element_type=\"column\">\n\t\t\t<div class=\"elementor-widget-wrap elementor-element-populated\">\n\t\t\t\t\t\t<div class=\"elementor-element elementor-element-223ba26 elementor-widget elementor-widget-spacer\" data-id=\"223ba26\" data-element_type=\"widget\" data-widget_type=\"spacer.default\">\n\t\t\t\t<div class=\"elementor-widget-container\">\n\t\t\t\t\t\t\t<div class=\"elementor-spacer\">\n\t\t\t<div class=\"elementor-spacer-inner\"><\/div>\n\t\t<\/div>\n\t\t\t\t\t\t<\/div>\n\t\t\t\t<\/div>\n\t\t\t\t<div class=\"elementor-element elementor-element-cde9a0d elementor-widget elementor-widget-text-editor\" data-id=\"cde9a0d\" data-element_type=\"widget\" data-widget_type=\"text-editor.default\">\n\t\t\t\t<div class=\"elementor-widget-container\">\n\t\t\t\t\t\t\t\t\t<p><span style=\"color: var( --e-global-color-text ); font-family: var( --e-global-typography-text-font-family ), motiva-sans, Sans-serif; font-weight: var( --e-global-typography-text-font-weight ); font-size: 1rem;\">Tocamos a las puertas, hicimos llamadas y movilizamos el voto de manera masiva, alcanzando a m\u00e1s de 40,000 votantes en cuatro estados durante esta elecci\u00f3n. Cada una de esas conversaciones import\u00f3, y son parte de una historia m\u00e1s grande. Esta elecci\u00f3n no fue solo sobre candidatos; fue sobre construir un futuro en el que los derechos de los trabajadores sean lo m\u00e1s importante. Su trabajo aqu\u00ed en casa es un ejemplo brillante de lo que significa unirse, hombro con hombro, y luchar por un cambio que beneficie a los trabajadores.<\/span><\/p><p>Aunque los resultados nacionales no fueron los que esper\u00e1bamos, nuestra lucha est\u00e1 lejos de terminar. La Presidenta de SEIU, April Verrett, lo dijo de la mejor manera:\u00a0<span style=\"text-decoration: underline;\"><strong><a style=\"transition-property: all;\" href=\"https:\/\/www.seiu.org\/2024\/11\/seius-verrett-we-wont-back-down\"><em>\u201cNo estamos derrotados; estamos decididos. No nos vamos a rendir.\u201d<\/em><\/a><\/strong><\/span>\u00a0Nuestro trabajo en Colorado demuestra que cuando nos unimos, somos imparables. Ahora, estamos poniendo en alerta a cada corporaci\u00f3n y a cada pol\u00edtico extremista: los vemos, y no vamos a quedarnos de brazos cruzados mientras intentan dividirnos o quitar nuestros derechos. Seguiremos luchando por TODOS los trabajadores, por las mujeres, por nuestros hermanos y hermanas inmigrantes y por un futuro para todos nuestros hijos.<\/p><p>Esta lucha no ser\u00e1 f\u00e1cil y todos debemos estar a la altura de los desaf\u00edos que enfrentamos. Necesitamos organizarnos en nuestros lugares de trabajo y comunidades. Necesitamos unirnos y mostrar nuestra fuerza en n\u00fameros. Debemos exigir que los pol\u00edticos, por quienes trabajamos tanto para elegir, respondan a nuestras necesidades y realmente mejoren nuestras vidas. Tenemos una decisi\u00f3n que tomar: \u00bfnos quedaremos al margen o nos levantaremos y lideraremos?\u00a0<\/p><p>Nuestras victorias de este a\u00f1o han preparado el terreno para lo que sigue. Con nuestras mayor\u00edas a favor de los trabajadores, estamos en posici\u00f3n de luchar y ganar los cambios que necesitamos para que sea m\u00e1s f\u00e1cil para todos los habitantes de Colorado unirse a un sindicato, ganar un salario justo y tener un lugar de trabajo seguro. Esto no es solo hablar, es nuestro compromiso entre nosotros y con el futuro que estamos construyendo juntos.<\/p><p>Gracias por su arduo trabajo, resiliencia y creencia en nuestro poder colectivo. Estamos listos para seguir adelante, para seguir luchando y ganando, sin importar lo que nos lancen.\u00a0<\/p><p>Juntos, somos inquebrantables. \u00a1S\u00ed se puede!<\/p><p>En Unidad,<\/p><p><span style=\"font-weight: bolder;\">Stephanie Felix-Sowy<br \/><\/span>Presidenta, SEIU Local 105<\/p>\t\t\t\t\t\t\t\t<\/div>\n\t\t\t\t<\/div>\n\t\t\t\t\t<\/div>\n\t\t<\/div>\n\t\t\t\t\t<\/div>\n\t\t<\/section>\n\t\t\t\t<\/div>","protected":false},"excerpt":{"rendered":"<p>Colorado workers showed up strong, and together, we made sure our voices were heard and values realized loud and clear across the state. Because of your tireless efforts, we held and expanded pro-worker majorities in both the Colorado House and Senate. These wins mean we\u2019re ready to fight for and pass legislation that makes it [&hellip;]<\/p>","protected":false},"author":16,"featured_media":8556,"comment_status":"closed","ping_status":"open","sticky":false,"template":"","format":"standard","meta":{"_exactmetrics_skip_tracking":false,"_exactmetrics_sitenote_active":false,"_exactmetrics_sitenote_note":"","_exactmetrics_sitenote_category":0,"footnotes":""},"categories":[20],"tags":[],"class_list":["post-8554","post","type-post","status-publish","format-standard","has-post-thumbnail","hentry","category-political"],"yoast_head":"<!-- This site is optimized with the Yoast SEO plugin v25.2 - https:\/\/yoast.com\/wordpress\/plugins\/seo\/ -->\n<title>Election Update: Colorado Shows Up Strong\u2014We\u2019re Not Backing Down! - SEIU Local 105<\/title>\n<meta name=\"robots\" content=\"index, follow, max-snippet:-1, max-image-preview:large, max-video-preview:-1\" \/>\n<link rel=\"canonical\" href=\"https:\/\/www.seiu105.org\/es\/political\/election-update\/\" \/>\n<meta property=\"og:locale\" content=\"es_MX\" \/>\n<meta property=\"og:type\" content=\"article\" \/>\n<meta property=\"og:title\" content=\"Election Update: Colorado Shows Up Strong\u2014We\u2019re Not Backing Down! - SEIU Local 105\" \/>\n<meta property=\"og:description\" content=\"Colorado workers showed up strong, and together, we made sure our voices were heard and values realized loud and clear across the state. Because of your tireless efforts, we held and expanded pro-worker majorities in both the Colorado House and Senate. These wins mean we\u2019re ready to fight for and pass legislation that makes it [&hellip;]\" \/>\n<meta property=\"og:url\" content=\"https:\/\/www.seiu105.org\/es\/political\/election-update\/\" \/>\n<meta property=\"og:site_name\" content=\"SEIU Local 105\" \/>\n<meta property=\"article:publisher\" content=\"https:\/\/www.facebook.com\/SEIU105\" \/>\n<meta property=\"article:published_time\" content=\"2024-11-06T22:19:59+00:00\" \/>\n<meta property=\"article:modified_time\" content=\"2024-11-06T22:35:18+00:00\" \/>\n<meta property=\"og:image\" content=\"https:\/\/www.seiu105.org\/wp-content\/uploads\/2024\/11\/GOTV-graphic-scaled.jpg\" \/>\n\t<meta property=\"og:image:width\" content=\"2560\" \/>\n\t<meta property=\"og:image:height\" content=\"1322\" \/>\n\t<meta property=\"og:image:type\" content=\"image\/jpeg\" \/>\n<meta name=\"author\" content=\"SEIU Local 105\" \/>\n<meta name=\"twitter:card\" content=\"summary_large_image\" \/>\n<meta name=\"twitter:creator\" content=\"@SEIU105\" \/>\n<meta name=\"twitter:site\" content=\"@SEIU105\" \/>\n<meta name=\"twitter:label1\" content=\"Escrito por\" \/>\n\t<meta name=\"twitter:data1\" content=\"SEIU Local 105\" \/>\n\t<meta name=\"twitter:label2\" content=\"Tiempo de lectura\" \/>\n\t<meta name=\"twitter:data2\" content=\"3 minutos\" \/>\n<script type=\"application\/ld+json\" class=\"yoast-schema-graph\">{\"@context\":\"https:\/\/schema.org\",\"@graph\":[{\"@type\":\"Article\",\"@id\":\"https:\/\/www.seiu105.org\/political\/election-update\/#article\",\"isPartOf\":{\"@id\":\"https:\/\/www.seiu105.org\/political\/election-update\/\"},\"author\":{\"name\":\"SEIU Local 105\",\"@id\":\"https:\/\/live-seiu-local-105.pantheonsite.io\/#\/schema\/person\/da84e51825321e9e98ac9ea81286dfcc\"},\"headline\":\"Election Update: Colorado Shows Up Strong\u2014We\u2019re Not Backing Down!\",\"datePublished\":\"2024-11-06T22:19:59+00:00\",\"dateModified\":\"2024-11-06T22:35:18+00:00\",\"mainEntityOfPage\":{\"@id\":\"https:\/\/www.seiu105.org\/political\/election-update\/\"},\"wordCount\":477,\"publisher\":{\"@id\":\"https:\/\/live-seiu-local-105.pantheonsite.io\/#organization\"},\"image\":{\"@id\":\"https:\/\/www.seiu105.org\/political\/election-update\/#primaryimage\"},\"thumbnailUrl\":\"https:\/\/www.seiu105.org\/wp-content\/uploads\/2024\/11\/GOTV-graphic-scaled.jpg\",\"articleSection\":[\"Political\"],\"inLanguage\":\"es\"},{\"@type\":\"WebPage\",\"@id\":\"https:\/\/www.seiu105.org\/political\/election-update\/\",\"url\":\"https:\/\/www.seiu105.org\/political\/election-update\/\",\"name\":\"Election Update: Colorado Shows Up Strong\u2014We\u2019re Not Backing Down! - SEIU Local 105\",\"isPartOf\":{\"@id\":\"https:\/\/live-seiu-local-105.pantheonsite.io\/#website\"},\"primaryImageOfPage\":{\"@id\":\"https:\/\/www.seiu105.org\/political\/election-update\/#primaryimage\"},\"image\":{\"@id\":\"https:\/\/www.seiu105.org\/political\/election-update\/#primaryimage\"},\"thumbnailUrl\":\"https:\/\/www.seiu105.org\/wp-content\/uploads\/2024\/11\/GOTV-graphic-scaled.jpg\",\"datePublished\":\"2024-11-06T22:19:59+00:00\",\"dateModified\":\"2024-11-06T22:35:18+00:00\",\"breadcrumb\":{\"@id\":\"https:\/\/www.seiu105.org\/political\/election-update\/#breadcrumb\"},\"inLanguage\":\"es\",\"potentialAction\":[{\"@type\":\"ReadAction\",\"target\":[\"https:\/\/www.seiu105.org\/political\/election-update\/\"]}]},{\"@type\":\"ImageObject\",\"inLanguage\":\"es\",\"@id\":\"https:\/\/www.seiu105.org\/political\/election-update\/#primaryimage\",\"url\":\"https:\/\/www.seiu105.org\/wp-content\/uploads\/2024\/11\/GOTV-graphic-scaled.jpg\",\"contentUrl\":\"https:\/\/www.seiu105.org\/wp-content\/uploads\/2024\/11\/GOTV-graphic-scaled.jpg\",\"width\":2560,\"height\":1322},{\"@type\":\"BreadcrumbList\",\"@id\":\"https:\/\/www.seiu105.org\/political\/election-update\/#breadcrumb\",\"itemListElement\":[{\"@type\":\"ListItem\",\"position\":1,\"name\":\"Home\",\"item\":\"https:\/\/live-seiu-local-105.pantheonsite.io\/\"},{\"@type\":\"ListItem\",\"position\":2,\"name\":\"Election Update: Colorado Shows Up Strong\u2014We\u2019re Not Backing Down!\"}]},{\"@type\":\"WebSite\",\"@id\":\"https:\/\/live-seiu-local-105.pantheonsite.io\/#website\",\"url\":\"https:\/\/live-seiu-local-105.pantheonsite.io\/\",\"name\":\"SEIU Local 105\",\"description\":\"\",\"publisher\":{\"@id\":\"https:\/\/live-seiu-local-105.pantheonsite.io\/#organization\"},\"potentialAction\":[{\"@type\":\"SearchAction\",\"target\":{\"@type\":\"EntryPoint\",\"urlTemplate\":\"https:\/\/live-seiu-local-105.pantheonsite.io\/?s={search_term_string}\"},\"query-input\":{\"@type\":\"PropertyValueSpecification\",\"valueRequired\":true,\"valueName\":\"search_term_string\"}}],\"inLanguage\":\"es\"},{\"@type\":\"Organization\",\"@id\":\"https:\/\/live-seiu-local-105.pantheonsite.io\/#organization\",\"name\":\"SEIU Local 105\",\"url\":\"https:\/\/live-seiu-local-105.pantheonsite.io\/\",\"logo\":{\"@type\":\"ImageObject\",\"inLanguage\":\"es\",\"@id\":\"https:\/\/live-seiu-local-105.pantheonsite.io\/#\/schema\/logo\/image\/\",\"url\":\"https:\/\/live-seiu-local-105.pantheonsite.io\/wp-content\/uploads\/2019\/08\/seiu105-logo-box.jpg\",\"contentUrl\":\"https:\/\/live-seiu-local-105.pantheonsite.io\/wp-content\/uploads\/2019\/08\/seiu105-logo-box.jpg\",\"width\":1500,\"height\":1500,\"caption\":\"SEIU Local 105\"},\"image\":{\"@id\":\"https:\/\/live-seiu-local-105.pantheonsite.io\/#\/schema\/logo\/image\/\"},\"sameAs\":[\"https:\/\/www.facebook.com\/SEIU105\",\"https:\/\/x.com\/SEIU105\",\"https:\/\/www.youtube.com\/channel\/UCi4D3lDRABd_KewLDS74_cQ\"]},{\"@type\":\"Person\",\"@id\":\"https:\/\/live-seiu-local-105.pantheonsite.io\/#\/schema\/person\/da84e51825321e9e98ac9ea81286dfcc\",\"name\":\"SEIU Local 105\",\"image\":{\"@type\":\"ImageObject\",\"inLanguage\":\"es\",\"@id\":\"https:\/\/live-seiu-local-105.pantheonsite.io\/#\/schema\/person\/image\/\",\"url\":\"https:\/\/secure.gravatar.com\/avatar\/d455726f96dc44aabaf144f16d842e91adc6bf84b4eae9375a845928be8fb8b0?s=96&d=mm&r=g\",\"contentUrl\":\"https:\/\/secure.gravatar.com\/avatar\/d455726f96dc44aabaf144f16d842e91adc6bf84b4eae9375a845928be8fb8b0?s=96&d=mm&r=g\",\"caption\":\"SEIU Local 105\"},\"url\":\"https:\/\/www.seiu105.org\/es\/author\/seiu-local-105\/\"}]}<\/script>\n<!-- \/ Yoast SEO plugin. -->","yoast_head_json":{"title":"Election Update: Colorado Shows Up Strong\u2014We\u2019re Not Backing Down! - SEIU Local 105","robots":{"index":"index","follow":"follow","max-snippet":"max-snippet:-1","max-image-preview":"max-image-preview:large","max-video-preview":"max-video-preview:-1"},"canonical":"https:\/\/www.seiu105.org\/es\/political\/election-update\/","og_locale":"es_MX","og_type":"article","og_title":"Election Update: Colorado Shows Up Strong\u2014We\u2019re Not Backing Down! - SEIU Local 105","og_description":"Colorado workers showed up strong, and together, we made sure our voices were heard and values realized loud and clear across the state. Because of your tireless efforts, we held and expanded pro-worker majorities in both the Colorado House and Senate. These wins mean we\u2019re ready to fight for and pass legislation that makes it [&hellip;]","og_url":"https:\/\/www.seiu105.org\/es\/political\/election-update\/","og_site_name":"SEIU Local 105","article_publisher":"https:\/\/www.facebook.com\/SEIU105","article_published_time":"2024-11-06T22:19:59+00:00","article_modified_time":"2024-11-06T22:35:18+00:00","og_image":[{"width":2560,"height":1322,"url":"https:\/\/www.seiu105.org\/wp-content\/uploads\/2024\/11\/GOTV-graphic-scaled.jpg","type":"image\/jpeg"}],"author":"SEIU Local 105","twitter_card":"summary_large_image","twitter_creator":"@SEIU105","twitter_site":"@SEIU105","twitter_misc":{"Escrito por":"SEIU Local 105","Tiempo de lectura":"3 minutos"},"schema":{"@context":"https:\/\/schema.org","@graph":[{"@type":"Article","@id":"https:\/\/www.seiu105.org\/political\/election-update\/#article","isPartOf":{"@id":"https:\/\/www.seiu105.org\/political\/election-update\/"},"author":{"name":"SEIU Local 105","@id":"https:\/\/live-seiu-local-105.pantheonsite.io\/#\/schema\/person\/da84e51825321e9e98ac9ea81286dfcc"},"headline":"Election Update: Colorado Shows Up Strong\u2014We\u2019re Not Backing Down!","datePublished":"2024-11-06T22:19:59+00:00","dateModified":"2024-11-06T22:35:18+00:00","mainEntityOfPage":{"@id":"https:\/\/www.seiu105.org\/political\/election-update\/"},"wordCount":477,"publisher":{"@id":"https:\/\/live-seiu-local-105.pantheonsite.io\/#organization"},"image":{"@id":"https:\/\/www.seiu105.org\/political\/election-update\/#primaryimage"},"thumbnailUrl":"https:\/\/www.seiu105.org\/wp-content\/uploads\/2024\/11\/GOTV-graphic-scaled.jpg","articleSection":["Political"],"inLanguage":"es"},{"@type":"WebPage","@id":"https:\/\/www.seiu105.org\/political\/election-update\/","url":"https:\/\/www.seiu105.org\/political\/election-update\/","name":"Election Update: Colorado Shows Up Strong\u2014We\u2019re Not Backing Down! - SEIU Local 105","isPartOf":{"@id":"https:\/\/live-seiu-local-105.pantheonsite.io\/#website"},"primaryImageOfPage":{"@id":"https:\/\/www.seiu105.org\/political\/election-update\/#primaryimage"},"image":{"@id":"https:\/\/www.seiu105.org\/political\/election-update\/#primaryimage"},"thumbnailUrl":"https:\/\/www.seiu105.org\/wp-content\/uploads\/2024\/11\/GOTV-graphic-scaled.jpg","datePublished":"2024-11-06T22:19:59+00:00","dateModified":"2024-11-06T22:35:18+00:00","breadcrumb":{"@id":"https:\/\/www.seiu105.org\/political\/election-update\/#breadcrumb"},"inLanguage":"es","potentialAction":[{"@type":"ReadAction","target":["https:\/\/www.seiu105.org\/political\/election-update\/"]}]},{"@type":"ImageObject","inLanguage":"es","@id":"https:\/\/www.seiu105.org\/political\/election-update\/#primaryimage","url":"https:\/\/www.seiu105.org\/wp-content\/uploads\/2024\/11\/GOTV-graphic-scaled.jpg","contentUrl":"https:\/\/www.seiu105.org\/wp-content\/uploads\/2024\/11\/GOTV-graphic-scaled.jpg","width":2560,"height":1322},{"@type":"BreadcrumbList","@id":"https:\/\/www.seiu105.org\/political\/election-update\/#breadcrumb","itemListElement":[{"@type":"ListItem","position":1,"name":"Home","item":"https:\/\/live-seiu-local-105.pantheonsite.io\/"},{"@type":"ListItem","position":2,"name":"Election Update: Colorado Shows Up Strong\u2014We\u2019re Not Backing Down!"}]},{"@type":"WebSite","@id":"https:\/\/live-seiu-local-105.pantheonsite.io\/#website","url":"https:\/\/live-seiu-local-105.pantheonsite.io\/","name":"SEIU Local 105","description":"","publisher":{"@id":"https:\/\/live-seiu-local-105.pantheonsite.io\/#organization"},"potentialAction":[{"@type":"SearchAction","target":{"@type":"EntryPoint","urlTemplate":"https:\/\/live-seiu-local-105.pantheonsite.io\/?s={search_term_string}"},"query-input":{"@type":"PropertyValueSpecification","valueRequired":true,"valueName":"search_term_string"}}],"inLanguage":"es"},{"@type":"Organization","@id":"https:\/\/live-seiu-local-105.pantheonsite.io\/#organization","name":"SEIU Local 105","url":"https:\/\/live-seiu-local-105.pantheonsite.io\/","logo":{"@type":"ImageObject","inLanguage":"es","@id":"https:\/\/live-seiu-local-105.pantheonsite.io\/#\/schema\/logo\/image\/","url":"https:\/\/live-seiu-local-105.pantheonsite.io\/wp-content\/uploads\/2019\/08\/seiu105-logo-box.jpg","contentUrl":"https:\/\/live-seiu-local-105.pantheonsite.io\/wp-content\/uploads\/2019\/08\/seiu105-logo-box.jpg","width":1500,"height":1500,"caption":"SEIU Local 105"},"image":{"@id":"https:\/\/live-seiu-local-105.pantheonsite.io\/#\/schema\/logo\/image\/"},"sameAs":["https:\/\/www.facebook.com\/SEIU105","https:\/\/x.com\/SEIU105","https:\/\/www.youtube.com\/channel\/UCi4D3lDRABd_KewLDS74_cQ"]},{"@type":"Person","@id":"https:\/\/live-seiu-local-105.pantheonsite.io\/#\/schema\/person\/da84e51825321e9e98ac9ea81286dfcc","name":"SEIU Local 105","image":{"@type":"ImageObject","inLanguage":"es","@id":"https:\/\/live-seiu-local-105.pantheonsite.io\/#\/schema\/person\/image\/","url":"https:\/\/secure.gravatar.com\/avatar\/d455726f96dc44aabaf144f16d842e91adc6bf84b4eae9375a845928be8fb8b0?s=96&d=mm&r=g","contentUrl":"https:\/\/secure.gravatar.com\/avatar\/d455726f96dc44aabaf144f16d842e91adc6bf84b4eae9375a845928be8fb8b0?s=96&d=mm&r=g","caption":"SEIU Local 105"},"url":"https:\/\/www.seiu105.org\/es\/author\/seiu-local-105\/"}]}},"_links":{"self":[{"href":"https:\/\/www.seiu105.org\/es\/wp-json\/wp\/v2\/posts\/8554","targetHints":{"allow":["GET"]}}],"collection":[{"href":"https:\/\/www.seiu105.org\/es\/wp-json\/wp\/v2\/posts"}],"about":[{"href":"https:\/\/www.seiu105.org\/es\/wp-json\/wp\/v2\/types\/post"}],"author":[{"embeddable":true,"href":"https:\/\/www.seiu105.org\/es\/wp-json\/wp\/v2\/users\/16"}],"replies":[{"embeddable":true,"href":"https:\/\/www.seiu105.org\/es\/wp-json\/wp\/v2\/comments?post=8554"}],"version-history":[{"count":10,"href":"https:\/\/www.seiu105.org\/es\/wp-json\/wp\/v2\/posts\/8554\/revisions"}],"predecessor-version":[{"id":8568,"href":"https:\/\/www.seiu105.org\/es\/wp-json\/wp\/v2\/posts\/8554\/revisions\/8568"}],"wp:featuredmedia":[{"embeddable":true,"href":"https:\/\/www.seiu105.org\/es\/wp-json\/wp\/v2\/media\/8556"}],"wp:attachment":[{"href":"https:\/\/www.seiu105.org\/es\/wp-json\/wp\/v2\/media?parent=8554"}],"wp:term":[{"taxonomy":"category","embeddable":true,"href":"https:\/\/www.seiu105.org\/es\/wp-json\/wp\/v2\/categories?post=8554"},{"taxonomy":"post_tag","embeddable":true,"href":"https:\/\/www.seiu105.org\/es\/wp-json\/wp\/v2\/tags?post=8554"}],"curies":[{"name":"wp","href":"https:\/\/api.w.org\/{rel}","templated":true}]}}